{"id":14964,"date":"2025-06-12T18:36:15","date_gmt":"2025-06-12T16:36:15","guid":{"rendered":"https:\/\/www.martinherrmann.info\/?p=14964"},"modified":"2025-06-13T07:47:22","modified_gmt":"2025-06-13T05:47:22","slug":"stuttgarter-feinstaubalarm-aus-kanada","status":"publish","type":"post","link":"https:\/\/www.martinherrmann.info\/?p=14964","title":{"rendered":"Stuttgarter Feinstaubalarm wegen Kanada"},"content":{"rendered":"<p><a href=\"https:\/\/www.martinherrmann.info\/wp-content\/uploads\/2025\/06\/fein2.jpg\"><img loading=\"lazy\" decoding=\"async\" class=\" wp-image-14968 alignright\" src=\"https:\/\/www.martinherrmann.info\/wp-content\/uploads\/2025\/06\/fein2-225x300.jpg\" alt=\"\" width=\"121\" height=\"158\" \/><\/a><a href=\"https:\/\/www.martinherrmann.info\/wp-content\/uploads\/2025\/06\/fein1.jpg\"><img loading=\"lazy\" decoding=\"async\" class=\"wp-image-14969 alignleft\" src=\"https:\/\/www.martinherrmann.info\/wp-content\/uploads\/2025\/06\/fein1-225x300.jpg\" alt=\"\" width=\"139\" height=\"182\" \/><\/a>Der Blick vom Schauinsland war heute eher ein <a href=\"https:\/\/www.swp.de\/panorama\/rauch-der-waldbraende-in-kanada-feinstaub-alarm-im-sueden-deutschlands-78113515.html\">Schaunichtweitinsland<\/a>. Tr\u00fcbe und diesig pr\u00e4sentierte sich die Rheinebene und schuld war diesmal nicht der Saharastaub, sondern der <a href=\"https:\/\/www.sueddeutsche.de\/projekte\/artikel\/wissen\/rauchschwaden-kanada-europa-deutschland-e579108\/?reduced=true\">Rauch<\/a> aus Kanadas W\u00e4ldern. Stuttgarts gr\u00fcner Regierungschef Kretschmer hat sich bereit erkl\u00e4rt das Stuttgarter Konzept &#8222;Feinstaubalarm&#8220; deutschlandweit zur Verf\u00fcgung zu stellen, n\u00e4mlich ganz laut &#8222;Alarm!&#8220; zu rufen, aber sonst nichts zu tun. Wir wollen den Atombef\u00fcrwortern den Blick vom Schauinsland nahelegen, denn wenn schon der Feinstaub aus Kanada \u00fcberall hinkommt, was w\u00e4re dann mit dem viel feineren Fallout aus modernen Strategiekonzepten?<\/p>\n","protected":false},"excerpt":{"rendered":"<p>Der Blick vom Schauinsland war heute eher ein Schaunichtweitinsland. Tr\u00fcbe und diesig pr\u00e4sentierte sich die Rheinebene und schuld war diesmal nicht der Saharastaub, sondern der Rauch aus Kanadas W\u00e4ldern. Stuttgarts gr\u00fcner Regierungschef Kretschmer hat sich bereit erkl\u00e4rt das Stuttgarter Konzept&hellip;<\/p>\n<p class=\"more-link-p\"><a class=\"more-link\" href=\"https:\/\/www.martinherrmann.info\/?p=14964\">Read more &rarr;<\/a><\/p>\n","protected":false},"author":2,"featured_media":0,"comment_status":"closed","ping_status":"closed","sticky":false,"template":"","format":"standard","meta":{"footnotes":""},"categories":[1],"tags":[],"class_list":["post-14964","post","type-post","status-publish","format-standard","hentry","category-allgemein"],"_links":{"self":[{"href":"https:\/\/www.martinherrmann.info\/index.php?rest_route=\/wp\/v2\/posts\/14964","targetHints":{"allow":["GET"]}}],"collection":[{"href":"https:\/\/www.martinherrmann.info\/index.php?rest_route=\/wp\/v2\/posts"}],"about":[{"href":"https:\/\/www.martinherrmann.info\/index.php?rest_route=\/wp\/v2\/types\/post"}],"author":[{"embeddable":true,"href":"https:\/\/www.martinherrmann.info\/index.php?rest_route=\/wp\/v2\/users\/2"}],"replies":[{"embeddable":true,"href":"https:\/\/www.martinherrmann.info\/index.php?rest_route=%2Fwp%2Fv2%2Fcomments&post=14964"}],"version-history":[{"count":5,"href":"https:\/\/www.martinherrmann.info\/index.php?rest_route=\/wp\/v2\/posts\/14964\/revisions"}],"predecessor-version":[{"id":14971,"href":"https:\/\/www.martinherrmann.info\/index.php?rest_route=\/wp\/v2\/posts\/14964\/revisions\/14971"}],"wp:attachment":[{"href":"https:\/\/www.martinherrmann.info\/index.php?rest_route=%2Fwp%2Fv2%2Fmedia&parent=14964"}],"wp:term":[{"taxonomy":"category","embeddable":true,"href":"https:\/\/www.martinherrmann.info\/index.php?rest_route=%2Fwp%2Fv2%2Fcategories&post=14964"},{"taxonomy":"post_tag","embeddable":true,"href":"https:\/\/www.martinherrmann.info\/index.php?rest_route=%2Fwp%2Fv2%2Ftags&post=14964"}],"curies":[{"name":"wp","href":"https:\/\/api.w.org\/{rel}","templated":true}]}}