{"id":15899,"date":"2025-12-29T16:21:38","date_gmt":"2025-12-29T15:21:38","guid":{"rendered":"https:\/\/www.martinherrmann.info\/?p=15899"},"modified":"2025-12-29T18:05:18","modified_gmt":"2025-12-29T17:05:18","slug":"muenchner-eisbachwelle-wird-politisch","status":"publish","type":"post","link":"https:\/\/www.martinherrmann.info\/?p=15899","title":{"rendered":"M\u00fcnchner Eisbachwelle wird politisch"},"content":{"rendered":"<p>Jetzt hat die Verwaltung den Surfern die <a href=\"https:\/\/www.stern.de\/panorama\/weltgeschehen\/eisbachwelle--feuerwehr-baut-provisorium-ab---surfer-empoert-36994670.html?utm_source=firefox-newtab-de-de\">Welle<\/a> schon wieder abgebaut &#8211; und die M\u00fcnchner Surfer laufen Sturm. Wessen Papa die Mieten in M\u00fcnchen bezahlen kann und will, braucht halt ein bisschen Extravaganz. Und jetzt ist die Welle weg, m\u00e4\u00e4\u00e4h. Ja dann zieht halt woanders hin. Macht doch keine solche Welle, ihr vom Papa gepamperten Wellenk\u00f6nige. In M\u00fcnchen schmeissen sie Leute aus der Wohnung, weil solche Luxuschn\u00f6sel wie Ihr die irrsinnigen Mieten bezahlen k\u00f6nnen und wollen, und jetzt pl\u00e4rrt ihr um eure bl\u00f6de Freizeithupferei? Kommt ihr mal in der Wirklichkeit an? Bis dahin behelft euch mit unserem Song &#8222;Wir sind Wellenhelden&#8220;:<\/p>\n<p><em>Meine Welle war die Welle der Surfer-Nation<\/em><br \/>\n<em>Sie war in M\u00fcnchen, doch leider: sie schwamm davon<\/em><br \/>\n<em>Die Flussputzerei ey war doch voll der Hohn!<\/em><br \/>\n<em>Jetzt ist die Welle weg, ich glaub es rappelt im Karton,<\/em><br \/>\n<em>Ihr und euer Putzfimmel, ist das jetzt der Lohn<\/em><br \/>\n<em>im Englischen Garten diese lahme Version<\/em><br \/>\n<em>von Pseudowelle, diese Imitation?<\/em><br \/>\n<em>Es pl\u00e4tschert das Wasser ohne Sensation&#8230;<\/em><\/p>\n<div><em>ich tausch nicht mehr, will meine Welle zur\u00fcck<\/em><\/div>\n<div><em>guten Tag, guten Tag, will meine Welle zur\u00fcck&#8230;usw usf<\/em><\/div>\n","protected":false},"excerpt":{"rendered":"<p>Jetzt hat die Verwaltung den Surfern die Welle schon wieder abgebaut &#8211; und die M\u00fcnchner Surfer laufen Sturm. Wessen Papa die Mieten in M\u00fcnchen bezahlen kann und will, braucht halt ein bisschen Extravaganz. Und jetzt ist die Welle weg, m\u00e4\u00e4\u00e4h.&hellip;<\/p>\n<p class=\"more-link-p\"><a class=\"more-link\" href=\"https:\/\/www.martinherrmann.info\/?p=15899\">Read more &rarr;<\/a><\/p>\n","protected":false},"author":2,"featured_media":0,"comment_status":"closed","ping_status":"closed","sticky":false,"template":"","format":"standard","meta":{"footnotes":""},"categories":[1],"tags":[],"class_list":["post-15899","post","type-post","status-publish","format-standard","hentry","category-allgemein"],"_links":{"self":[{"href":"https:\/\/www.martinherrmann.info\/index.php?rest_route=\/wp\/v2\/posts\/15899","targetHints":{"allow":["GET"]}}],"collection":[{"href":"https:\/\/www.martinherrmann.info\/index.php?rest_route=\/wp\/v2\/posts"}],"about":[{"href":"https:\/\/www.martinherrmann.info\/index.php?rest_route=\/wp\/v2\/types\/post"}],"author":[{"embeddable":true,"href":"https:\/\/www.martinherrmann.info\/index.php?rest_route=\/wp\/v2\/users\/2"}],"replies":[{"embeddable":true,"href":"https:\/\/www.martinherrmann.info\/index.php?rest_route=%2Fwp%2Fv2%2Fcomments&post=15899"}],"version-history":[{"count":7,"href":"https:\/\/www.martinherrmann.info\/index.php?rest_route=\/wp\/v2\/posts\/15899\/revisions"}],"predecessor-version":[{"id":15906,"href":"https:\/\/www.martinherrmann.info\/index.php?rest_route=\/wp\/v2\/posts\/15899\/revisions\/15906"}],"wp:attachment":[{"href":"https:\/\/www.martinherrmann.info\/index.php?rest_route=%2Fwp%2Fv2%2Fmedia&parent=15899"}],"wp:term":[{"taxonomy":"category","embeddable":true,"href":"https:\/\/www.martinherrmann.info\/index.php?rest_route=%2Fwp%2Fv2%2Fcategories&post=15899"},{"taxonomy":"post_tag","embeddable":true,"href":"https:\/\/www.martinherrmann.info\/index.php?rest_route=%2Fwp%2Fv2%2Ftags&post=15899"}],"curies":[{"name":"wp","href":"https:\/\/api.w.org\/{rel}","templated":true}]}}