{"id":5845,"date":"2019-12-06T08:51:10","date_gmt":"2019-12-06T07:51:10","guid":{"rendered":"http:\/\/www.martinherrmann.info\/?p=5845"},"modified":"2019-12-28T15:19:29","modified_gmt":"2019-12-28T14:19:29","slug":"uwe-steimle-dankt-ab","status":"publish","type":"post","link":"https:\/\/www.martinherrmann.info\/?p=5845","title":{"rendered":"\u00d6ko-Kabarettist Uwe Steimle dankt ab"},"content":{"rendered":"<p>Soeben wurde der Satiriker Uwe Steimle aus der demokratischen Senderunion ARD geschmissen, weil er offenbar nicht von seiner Meinung lassen konnte.\u00a0<a href=\"https:\/\/www.tagesspiegel.de\/gesellschaft\/medien\/uwe-steimle-vom-mdr-gefeuert-eindeutig-berufsverbot-zensur-ersten-grades\/25299156.html\" target=\"_blank\" rel=\"noopener noreferrer\">Steimle raus<\/a><br \/>\n<span style=\"letter-spacing: 0.05em;\">Zitat:&#8220;&#8230;die g\u00e4ngige Haltung, man d\u00fcrfe seine Meinung in diesem Land nicht mehr sagen. Man darf. Steimle hat\u2019s getan, der MDR hat\u2019s getan. Aber man darf wie der MDR\u00a0sagen, dass man Steimles Meinung nicht teilt.&#8220;<br \/>\n<\/span>Allerdings mit dem Unterschied, dass der MDR Steimle einfach abgesetzt hat und nicht Steimle den MDR. Die h\u00e4tten doch eine satirische Contrasendung ins Leben rufen k\u00f6nnen, mit einem Steimle-Imitator und dem Titel &#8222;Der ostdeutsche Jammerossi&#8220;* und h\u00e4tten dem Neo-Steimle die besseren Argumente in den Mund legen k\u00f6nnen. Wenn sie denn welche haben. Statt dessen wird abgew\u00fcrgt.\u00a0<span style=\"letter-spacing: 0.05em;\">Da h\u00e4tte der Neo-Steimle z.B. vor laufender Kamera die Sendung des realen Steimle abschalten k\u00f6nnen und gleich wieder anschalten, mit der Erkenntnis: &#8222;&#8230;die Faschisten sind ja die anderen!&#8220;\u00a0<\/span><span style=\"letter-spacing: 0.05em;\">Moment &#8211; hatten die etwa keine Gegenargumente? War denen vom MDR der Steimle etwa zu fr\u00fch zu ehrlich? Ach so. Ja dann: schnell weg damit. Bevors einer merkt.<\/span><\/p>\n<div>*Zitat: &#8222;Nach einem Gerichtsurteil darf Uwe Steimle als \u201eantisemitischer Jammerossi\u201c bezeichnet werden.&#8220;<br \/>\n<em>Unterrichteten Kollegenkreisen zufolge ist Uwe Steimle Besitzer einer Klappgitarre &#8222;Little Jane&#8220;, die von umweltbewussten Kabarettisten verwendet wird, die viel mit dem Zug reisen, so wie der Autor. Immerhin!<\/em><\/div>\n<div id=\"attachment_5858\" style=\"width: 197px\" class=\"wp-caption alignnone\"><a href=\"https:\/\/www.martinherrmann.info\/wp-content\/uploads\/2019\/12\/klappgitarre.jpg\"><img loading=\"lazy\" decoding=\"async\" aria-describedby=\"caption-attachment-5858\" class=\"wp-image-5858\" src=\"https:\/\/www.martinherrmann.info\/wp-content\/uploads\/2019\/12\/klappgitarre-225x300.jpg\" alt=\"\" width=\"187\" height=\"244\" \/><\/a><p id=\"caption-attachment-5858\" class=\"wp-caption-text\">Klappgitarre<\/p><\/div>\n","protected":false},"excerpt":{"rendered":"<p>Soeben wurde der Satiriker Uwe Steimle aus der demokratischen Senderunion ARD geschmissen, weil er offenbar nicht von seiner Meinung lassen konnte.\u00a0Steimle raus Zitat:&#8220;&#8230;die g\u00e4ngige Haltung, man d\u00fcrfe seine Meinung in diesem Land nicht mehr sagen. Man darf. Steimle hat\u2019s getan,&hellip;<\/p>\n<p class=\"more-link-p\"><a class=\"more-link\" href=\"https:\/\/www.martinherrmann.info\/?p=5845\">Read more &rarr;<\/a><\/p>\n","protected":false},"author":2,"featured_media":0,"comment_status":"closed","ping_status":"closed","sticky":false,"template":"","format":"standard","meta":{"footnotes":""},"categories":[1],"tags":[],"class_list":["post-5845","post","type-post","status-publish","format-standard","hentry","category-allgemein"],"_links":{"self":[{"href":"https:\/\/www.martinherrmann.info\/index.php?rest_route=\/wp\/v2\/posts\/5845","targetHints":{"allow":["GET"]}}],"collection":[{"href":"https:\/\/www.martinherrmann.info\/index.php?rest_route=\/wp\/v2\/posts"}],"about":[{"href":"https:\/\/www.martinherrmann.info\/index.php?rest_route=\/wp\/v2\/types\/post"}],"author":[{"embeddable":true,"href":"https:\/\/www.martinherrmann.info\/index.php?rest_route=\/wp\/v2\/users\/2"}],"replies":[{"embeddable":true,"href":"https:\/\/www.martinherrmann.info\/index.php?rest_route=%2Fwp%2Fv2%2Fcomments&post=5845"}],"version-history":[{"count":17,"href":"https:\/\/www.martinherrmann.info\/index.php?rest_route=\/wp\/v2\/posts\/5845\/revisions"}],"predecessor-version":[{"id":5889,"href":"https:\/\/www.martinherrmann.info\/index.php?rest_route=\/wp\/v2\/posts\/5845\/revisions\/5889"}],"wp:attachment":[{"href":"https:\/\/www.martinherrmann.info\/index.php?rest_route=%2Fwp%2Fv2%2Fmedia&parent=5845"}],"wp:term":[{"taxonomy":"category","embeddable":true,"href":"https:\/\/www.martinherrmann.info\/index.php?rest_route=%2Fwp%2Fv2%2Fcategories&post=5845"},{"taxonomy":"post_tag","embeddable":true,"href":"https:\/\/www.martinherrmann.info\/index.php?rest_route=%2Fwp%2Fv2%2Ftags&post=5845"}],"curies":[{"name":"wp","href":"https:\/\/api.w.org\/{rel}","templated":true}]}}