{"id":8407,"date":"2021-10-15T09:49:49","date_gmt":"2021-10-15T07:49:49","guid":{"rendered":"https:\/\/www.martinherrmann.info\/?p=8407"},"modified":"2021-10-19T08:55:04","modified_gmt":"2021-10-19T06:55:04","slug":"gruenensprecherin-lee-heinrich-volljaehrig","status":"publish","type":"post","link":"https:\/\/www.martinherrmann.info\/?p=8407","title":{"rendered":"Gr\u00fcnensprecherin Lee-Heinrich vollj\u00e4hrig?"},"content":{"rendered":"<p>Die soeben gew\u00e4hlte Sprecherin der gr\u00fcnen Jugend, Lee-Heinrich, ist nachweislich vollj\u00e4hrig, zum Gl\u00fcck. F\u00fcr ihre im Alter von 14 ge\u00e4usserten Meinungen wurde Ung\u00fcltigkeit beansprucht, wegen Kinderstatus: <em>&#8222;&#8230;mit einem Besen \u00aballe weissen Menschen aus Afrika raus zu kehren\u00bb, oder schreibt: \u00abIch werde dich finden, und anspucken, dann aufh\u00e4ngen mit einem Messer anstupsen und bluten lassen\u00bb. Einen Tweet von 2015, in dem sie unter einem Hakenkreuz \u00abHeil\u00bb kommentiert hatte, bezeichnete sie nun als \u00abmaximal dumm und unangebracht\u00bb, andere als \u00abbeleidigend\u00bb und \u00abpeinlich.&#8220; (Zitat NZZ)<\/em> \u00a0<a href=\"https:\/\/www.nzz.ch\/meinung\/der-andere-blick\/der-fall-heinrich-lehrstueck-gruener-doppelmoral-ld.1649871\" target=\"_blank\" rel=\"noopener\">Lee-Heinrich<\/a>\u00a0 Besen? Die Kenntnis von Ordnungsger\u00e4ten erm\u00f6glicht h\u00e4usliches Wohlgef\u00fchl f\u00fcr die Familie, aber wahrscheinlich hat sie den eisernen Besen gemeint, von dem sie mal fl\u00fcchtig gelesen hat. M\u00f6glicherweise pochen jetzt ganz andere Hakenkreuzler auf sp\u00e4te Pubert\u00e4t. Wie bedauernswert der gute Gr\u00f6nemeyer\u00a0<span style=\"letter-spacing: 0.05em;\">damals daneben lag, mit seiner Forderung: &#8222;Kinder an die Macht!&#8220;\u00a0Setzt das Wahlalter endlich wieder herauf!<\/span><\/p>\n","protected":false},"excerpt":{"rendered":"<p>Die soeben gew\u00e4hlte Sprecherin der gr\u00fcnen Jugend, Lee-Heinrich, ist nachweislich vollj\u00e4hrig, zum Gl\u00fcck. F\u00fcr ihre im Alter von 14 ge\u00e4usserten Meinungen wurde Ung\u00fcltigkeit beansprucht, wegen Kinderstatus: &#8222;&#8230;mit einem Besen \u00aballe weissen Menschen aus Afrika raus zu kehren\u00bb, oder schreibt: \u00abIch&hellip;<\/p>\n<p class=\"more-link-p\"><a class=\"more-link\" href=\"https:\/\/www.martinherrmann.info\/?p=8407\">Read more &rarr;<\/a><\/p>\n","protected":false},"author":2,"featured_media":0,"comment_status":"closed","ping_status":"closed","sticky":false,"template":"","format":"standard","meta":{"footnotes":""},"categories":[1],"tags":[],"class_list":["post-8407","post","type-post","status-publish","format-standard","hentry","category-allgemein"],"_links":{"self":[{"href":"https:\/\/www.martinherrmann.info\/index.php?rest_route=\/wp\/v2\/posts\/8407","targetHints":{"allow":["GET"]}}],"collection":[{"href":"https:\/\/www.martinherrmann.info\/index.php?rest_route=\/wp\/v2\/posts"}],"about":[{"href":"https:\/\/www.martinherrmann.info\/index.php?rest_route=\/wp\/v2\/types\/post"}],"author":[{"embeddable":true,"href":"https:\/\/www.martinherrmann.info\/index.php?rest_route=\/wp\/v2\/users\/2"}],"replies":[{"embeddable":true,"href":"https:\/\/www.martinherrmann.info\/index.php?rest_route=%2Fwp%2Fv2%2Fcomments&post=8407"}],"version-history":[{"count":7,"href":"https:\/\/www.martinherrmann.info\/index.php?rest_route=\/wp\/v2\/posts\/8407\/revisions"}],"predecessor-version":[{"id":8422,"href":"https:\/\/www.martinherrmann.info\/index.php?rest_route=\/wp\/v2\/posts\/8407\/revisions\/8422"}],"wp:attachment":[{"href":"https:\/\/www.martinherrmann.info\/index.php?rest_route=%2Fwp%2Fv2%2Fmedia&parent=8407"}],"wp:term":[{"taxonomy":"category","embeddable":true,"href":"https:\/\/www.martinherrmann.info\/index.php?rest_route=%2Fwp%2Fv2%2Fcategories&post=8407"},{"taxonomy":"post_tag","embeddable":true,"href":"https:\/\/www.martinherrmann.info\/index.php?rest_route=%2Fwp%2Fv2%2Ftags&post=8407"}],"curies":[{"name":"wp","href":"https:\/\/api.w.org\/{rel}","templated":true}]}}